{"id":3317,"date":"2022-02-25T14:34:01","date_gmt":"2022-02-25T13:34:01","guid":{"rendered":"https:\/\/spindrift.addviso-vt-prod-event-lamp01.dcsrv.eu\/?p=3317"},"modified":"2024-05-15T16:00:51","modified_gmt":"2024-05-15T14:00:51","slug":"de-nouveaux-objectifs-de-records-et-un-nouveau-directeur-executif-pour-lecurie-de-voile-spindrift-de-dona-bertarelli-et-yann-guichard","status":"publish","type":"post","link":"https:\/\/www.sailsofchange.com\/fr\/news\/de-nouveaux-objectifs-de-records-et-un-nouveau-directeur-executif-pour-lecurie-de-voile-spindrift-de-dona-bertarelli-et-yann-guichard\/","title":{"rendered":"De nouveaux objectifs de records et un nouveau directeur ex\u00e9cutif pour l&rsquo;\u00e9curie de voile Spindrift de Dona Bertarelli et Yann Guichard."},"content":{"rendered":"\n<p><em>Dona Bertarelli et Yann Guichard d\u00e9voilent le calendrier sportif de leur \u00e9curie de voile Spindrift pour cette ann\u00e9e, avec au programme&nbsp;: une seconde participation au circuit TF35 et quatre p\u00e9riodes de stand-by avec leur maxi-trimaran <\/em>Sails of Change<em> pour tenter diff\u00e9rents records, dont le Troph\u00e9e Jules Verne. En parall\u00e8le, ils annoncent l\u2019arriv\u00e9e de S\u00e9bastien Duclos \u00e0 la direction ex\u00e9cutive de leur \u00e9curie, en remplacement de Jean-S\u00e9bastien Ch\u00e9nier Proteau.<\/em><\/p>\n\n\n\n<p><strong>UN PROGRAMME SPORTIF COMPLET ET AMBITIEUX POUR SPINDRIFT<\/strong><\/p>\n\n\n\n<p>En 2022, Dona Bertarelli et Yann Guichard annoncent un programme ambitieux pour Spindrift. D\u2019une part, l\u2019\u00e9quipage du TF35 sera de retour pour une seconde saison sur le circuit, avec 6 \u00e9preuves au calendrier. D\u2019autre part, le maxi-trimaran <em>Sails of Change<\/em> sera plusieurs fois en stand-by tout au long de l\u2019ann\u00e9e pour tenter de battre plusieurs records.<\/p>\n\n\n\n<p>Yann Guichard explique&nbsp;: \u00ab&nbsp;<em>Les TF35 sont des catamarans \u00e0 foils de nouvelle g\u00e9n\u00e9ration, exigeants et techniques. Ils demandent une grande ma\u00eetrise du vol et une parfaite coordination. En 2021, nous avons termin\u00e9 la saison inaugurale \u00e0 la 3<sup>\u00e8me<\/sup> place alors que les bateaux venaient juste d\u2019\u00eatre livr\u00e9s. C\u2019est une grande fiert\u00e9 pour nous d\u2019avoir \u00e9t\u00e9 comp\u00e9titifs aussi rapidement avec une \u00e9quipe nouvellement constitu\u00e9e. Cette ann\u00e9e encore, nous aurons \u00e0 c\u0153ur de r\u00e9it\u00e9rer ces performances sportives tout au long du championnat et pourquoi pas faire mieux qu\u2019en 202<\/em>1 <em><em>\u00bb<\/em><\/em>.<\/p>\n\n\n\n<div class=\"wp-block-columns is-layout-flex wp-container-core-columns-is-layout-9d6595d7 wp-block-columns-is-layout-flex\">\n<div class=\"wp-block-column is-layout-flow wp-block-column-is-layout-flow\" style=\"flex-basis:100%\">\n<figure class=\"wp-block-image size-large\"><img decoding=\"async\" width=\"1024\" height=\"683\" src=\"https:\/\/spindrift.addviso-vt-prod-event-lamp01.dcsrv.eu\/wp-content\/uploads\/2022\/02\/spindriftracing_95774751_Medium-1024x683.jpg\" alt=\"\" class=\"wp-image-3336\" srcset=\"https:\/\/www.sailsofchange.com\/uploads\/2022\/02\/spindriftracing_95774751_Medium-1024x683.jpg 1024w, https:\/\/www.sailsofchange.com\/uploads\/2022\/02\/spindriftracing_95774751_Medium-300x200.jpg 300w, https:\/\/www.sailsofchange.com\/uploads\/2022\/02\/spindriftracing_95774751_Medium-768x512.jpg 768w, https:\/\/www.sailsofchange.com\/uploads\/2022\/02\/spindriftracing_95774751_Medium-1536x1024.jpg 1536w, https:\/\/www.sailsofchange.com\/uploads\/2022\/02\/spindriftracing_95774751_Medium.jpg 1600w\" sizes=\"(max-width: 1024px) 100vw, 1024px\" \/><figcaption>Yann Guichard \u00e0 bord du TF35 Sails of Change<\/figcaption><\/figure>\n<\/div>\n<\/div>\n\n\n\n<p>Yann Guichard poursuit : <meta charset=\"utf-8\">\u00ab <em><em>Par ailleurs, nous nous remettrons en attente d\u2019une bonne fen\u00eatre m\u00e9t\u00e9o \u00e0 la fin de l\u2019ann\u00e9e avec notre maxi-trimaran <\/em><\/em>Sails of Change<em><em> pour le Troph\u00e9e Jules Verne (record du tour du monde \u00e0 la voile en \u00e9quipage). En compl\u00e9ment de nos entra\u00eenements, nous nous mettrons aussi en stand-by de mi-avril \u00e0 mi-mai, fin juin et tout le mois d\u2019ao\u00fbt pour tenter de battre des records. En fonction de la m\u00e9t\u00e9o, nous choisirons le parcours sur lequel nous pensons obtenir des r\u00e9sultats. Ainsi, nous pourrons nous \u00e9lancer au choix sur la Route de la D\u00e9couverte (Cadix, en Espagne \u2013 San Salvador, aux Bahamas), le record des 24 heures (plus grande distance parcourue \u00e0 la voile en 24 heures), le tour des Iles Britanniques, Cowes-Dinard et\/ou Plymouth-La Rochelle. Cette diversit\u00e9 de navigations, sur deux bateaux tr\u00e8s diff\u00e9rents, avec des objectifs vari\u00e9s, nous motive beaucoup. Tous les marins ont h\u00e2te de concourir. Pour l\u2019heure, notre \u00e9quipe technique pr\u00e9pare les deux navires depuis notre base \u00e0 Saint-Philibert afin d\u2019\u00eatre fins pr\u00eats pour les premiers entra\u00eenements&nbsp;\u00bb.<\/em><\/em><\/p>\n\n\n\n<p>En parall\u00e8le, du 9 au 11 f\u00e9vrier dernier se tenait le One Ocean Summit \u00e0 Brest. Le vendredi matin, Dona Bertarelli a eu la chance de pouvoir s\u2019exprimer pendant la pl\u00e9ni\u00e8re officielle en pr\u00e9sence du Pr\u00e9sident Emmanuel Macron, de chefs d\u2019\u00c9tats et de gouvernements, de repr\u00e9sentants de l\u2019ONU, de l\u2019Union europ\u00e9enne, d\u2019Organisations non gouvernementales et de dirigeants de g\u00e9ants europ\u00e9ens du transport maritime. Son objectif \u00e9tait de porter la voix de la communaut\u00e9 scientifique internationale qui exhorte les gouvernements \u00e0 prot\u00e9ger au moins 30% de notre plan\u00e8te avant 2030.<\/p>\n\n\n\n<p>Dona Bertarelli d\u00e9taille&nbsp;: \u00ab&nbsp;<em>Alors que nous portons le message \u00ab&nbsp;30 x 30&nbsp;\u00bb sur nos deux navires pour alerter le grand public, nous continuons cette ann\u00e9e encore notre travail de sensibilisation des jeunes g\u00e9n\u00e9rations avec notre programme Spindrift for Schools. Nous esp\u00e9rons qu\u2019\u00e0 travers ces actions compl\u00e9mentaires nous contribuerons \u00e0 la protection de notre plan\u00e8te&nbsp;\u00bb.<\/em><\/p>\n\n\n\n<div class=\"wp-block-columns is-layout-flex wp-container-core-columns-is-layout-9d6595d7 wp-block-columns-is-layout-flex\">\n<div class=\"wp-block-column is-layout-flow wp-block-column-is-layout-flow\" style=\"flex-basis:100%\">\n<figure class=\"wp-block-image size-large\"><img decoding=\"async\" width=\"1024\" height=\"561\" src=\"https:\/\/spindrift.addviso-vt-prod-event-lamp01.dcsrv.eu\/wp-content\/uploads\/2022\/02\/2-1024x561.jpg\" alt=\"\" class=\"wp-image-3332\" srcset=\"https:\/\/www.sailsofchange.com\/uploads\/2022\/02\/2-1024x561.jpg 1024w, https:\/\/www.sailsofchange.com\/uploads\/2022\/02\/2-300x164.jpg 300w, https:\/\/www.sailsofchange.com\/uploads\/2022\/02\/2-768x420.jpg 768w, https:\/\/www.sailsofchange.com\/uploads\/2022\/02\/2-1536x841.jpg 1536w, https:\/\/www.sailsofchange.com\/uploads\/2022\/02\/2.jpg 2000w\" sizes=\"(max-width: 1024px) 100vw, 1024px\" \/><figcaption>Olivier Poivre d&rsquo;Arvor, Aziz Akhannouch, Dona Bertarelli, Emmanuel Macron, Samia Suluhu, Nana Akufo-Addo et Edouard Fritch.<\/figcaption><\/figure>\n<\/div>\n<\/div>\n\n\n\n<p><strong>S\u00c9BASTIEN DUCLOS, NOUVEAU DIRECTEUR EX\u00c9CUTIF DE L\u2019\u00c9CURIE DE COURSE SPINDRIFT<\/strong><\/p>\n\n\n\n<p>Le 31 janvier dernier, Dona Bertarelli et Yann Guichard annon\u00e7aient la fin du stand-by de Spindrift pour la tentative de record sur le Troph\u00e9e Jules Verne. Cette date f\u00fbt \u00e9galement l\u2019occasion pour Jean-S\u00e9bastien Ch\u00e9nier Proteau, directeur ex\u00e9cutif de l\u2019\u00e9curie de Dona Bertarelli et Yann Guichard depuis octobre 2019, d\u2019annoncer \u00e0 l\u2019\u00e9quipe la fin de sa mission. En effet, en concertation avec eux, le qu\u00e9b\u00e9cois d\u2019origine a accept\u00e9 la proposition qui lui a \u00e9t\u00e9 faite de diriger la toute nouvelle \u00e9quipe Canadienne sur le circuit SailGP.<\/p>\n\n\n\n<p>Yann Guichard confie&nbsp;: \u00ab&nbsp;<em>Jean-S\u00e9bastien a r\u00e9alis\u00e9 un excellent travail depuis son arriv\u00e9e. Son aide a \u00e9t\u00e9 pr\u00e9cieuse lorsque nous avons lanc\u00e9 Sails of Change et il a supervis\u00e9 le long chantier sur le maxi-trimaran ainsi que notre saison en TF35. Autour du lui, il a su f\u00e9d\u00e9rer une \u00e9quipe solide et professionnelle. Ses qualit\u00e9s humaines sont incontestables et reconnues par toute l\u2019\u00e9quipe. Avec Dona, nous tenons \u00e0 le remercier et lui souhaiter le meilleur pour ce beau projet o\u00f9 il d\u00e9fendra les couleurs de son pays \u00bb.<\/em><\/p>\n\n\n\n<p>Pour le remplacer, Yann Guichard a fait appel \u00e0 S\u00e9bastien Duclos, pr\u00e9sent depuis un mois au sein de l\u2019\u00e9quipe et qui a pris officiellement la direction de l\u2019\u00e9curie le 21 f\u00e9vrier 2022.<\/p>\n\n\n\n<p>L\u2019ancien directeur adjoint au sein du Team Banque Populaire d\u00e9taille&nbsp;: \u00ab&nbsp;<em>Spindrift a plus de 10 ans d\u2019existence. Depuis sa cr\u00e9ation, l\u2019\u00e9quipe a gagn\u00e9 de nombreuses courses et fait tomber de multiples records. Je suis tr\u00e8s heureux et honor\u00e9 de prendre la direction ex\u00e9cutive d\u2019une structure aussi prestigieuse. Par le pass\u00e9, j\u2019ai eu la chance de travailler au sein de la Classe IMOCA, pour des directions de courses et pour un autre Team pendant plus de 10 ans. Ces diff\u00e9rentes missions me permettent aujourd\u2019hui d\u2019avoir une bonne expertise des projets de course \u00e0 la voile. Avec Spindrift, je souhaite m\u2019inscrire dans la continuit\u00e9 du travail accompli jusqu\u2019\u00e0 pr\u00e9sent et apporter cette exp\u00e9rience \u00e0 l\u2019\u00e9curie. En arrivant ici, j\u2019ai eu le plaisir de rencontrer une \u00e9quipe impliqu\u00e9e, dynamique et organis\u00e9e. Je me r\u00e9jouis de voir la motivation li\u00e9e au programme sportif de l\u2019ann\u00e9e ainsi qu&rsquo;aux d\u00e9fis qui gravitent autour du programme Sails of Change. \u00c0 ce propos, les actions men\u00e9es \u00e0 travers les programmes Spindrift for Schools et Sails of Change sont pour moi d\u2019une grande importance. Ce sont des sources de motivation suppl\u00e9mentaires et je souhaite y contribuer car ils r\u00e9sonnent avec les enjeux de notre \u00e9poque <meta charset=\"utf-8\"><em>\u00bb<\/em>.<\/em><\/p>\n\n\n\n<div class=\"wp-block-columns is-layout-flex wp-container-core-columns-is-layout-9d6595d7 wp-block-columns-is-layout-flex\">\n<div class=\"wp-block-column is-layout-flow wp-block-column-is-layout-flow\" style=\"flex-basis:100%\">\n<figure class=\"wp-block-image size-large\"><img decoding=\"async\" width=\"1024\" height=\"683\" src=\"https:\/\/spindrift.addviso-vt-prod-event-lamp01.dcsrv.eu\/wp-content\/uploads\/2022\/02\/spindriftracing_82013706_Medium-1-1024x683.jpg\" alt=\"\" class=\"wp-image-3328\" srcset=\"https:\/\/www.sailsofchange.com\/uploads\/2022\/02\/spindriftracing_82013706_Medium-1-1024x683.jpg 1024w, https:\/\/www.sailsofchange.com\/uploads\/2022\/02\/spindriftracing_82013706_Medium-1-300x200.jpg 300w, https:\/\/www.sailsofchange.com\/uploads\/2022\/02\/spindriftracing_82013706_Medium-1-768x512.jpg 768w, https:\/\/www.sailsofchange.com\/uploads\/2022\/02\/spindriftracing_82013706_Medium-1-1536x1024.jpg 1536w, https:\/\/www.sailsofchange.com\/uploads\/2022\/02\/spindriftracing_82013706_Medium-1.jpg 1600w\" sizes=\"(max-width: 1024px) 100vw, 1024px\" \/><figcaption>S\u00e9bastien Duclos et Jean-S\u00e9bastien Ch\u00e9nier Proteau.<\/figcaption><\/figure>\n<\/div>\n<\/div>\n","protected":false},"excerpt":{"rendered":"<p>Dona Bertarelli et Yann Guichard d\u00e9voilent le calendrier sportif de leur \u00e9curie de voile Spindrift pour cette ann\u00e9e, avec au [&hellip;]<\/p>\n","protected":false},"author":5,"featured_media":3323,"comment_status":"open","ping_status":"open","sticky":false,"template":"","format":"standard","meta":{"_acf_changed":false,"footnotes":""},"categories":[30],"tags":[],"class_list":["post-3317","post","type-post","status-publish","format-standard","has-post-thumbnail","hentry","category-flotte"],"acf":[],"_links":{"self":[{"href":"https:\/\/www.sailsofchange.com\/fr\/wp-json\/wp\/v2\/posts\/3317","targetHints":{"allow":["GET"]}}],"collection":[{"href":"https:\/\/www.sailsofchange.com\/fr\/wp-json\/wp\/v2\/posts"}],"about":[{"href":"https:\/\/www.sailsofchange.com\/fr\/wp-json\/wp\/v2\/types\/post"}],"author":[{"embeddable":true,"href":"https:\/\/www.sailsofchange.com\/fr\/wp-json\/wp\/v2\/users\/5"}],"replies":[{"embeddable":true,"href":"https:\/\/www.sailsofchange.com\/fr\/wp-json\/wp\/v2\/comments?post=3317"}],"version-history":[{"count":2,"href":"https:\/\/www.sailsofchange.com\/fr\/wp-json\/wp\/v2\/posts\/3317\/revisions"}],"predecessor-version":[{"id":5046,"href":"https:\/\/www.sailsofchange.com\/fr\/wp-json\/wp\/v2\/posts\/3317\/revisions\/5046"}],"wp:featuredmedia":[{"embeddable":true,"href":"https:\/\/www.sailsofchange.com\/fr\/wp-json\/wp\/v2\/media\/3323"}],"wp:attachment":[{"href":"https:\/\/www.sailsofchange.com\/fr\/wp-json\/wp\/v2\/media?parent=3317"}],"wp:term":[{"taxonomy":"category","embeddable":true,"href":"https:\/\/www.sailsofchange.com\/fr\/wp-json\/wp\/v2\/categories?post=3317"},{"taxonomy":"post_tag","embeddable":true,"href":"https:\/\/www.sailsofchange.com\/fr\/wp-json\/wp\/v2\/tags?post=3317"}],"curies":[{"name":"wp","href":"https:\/\/api.w.org\/{rel}","templated":true}]}}