{"id":6737,"date":"2025-09-15T12:32:56","date_gmt":"2025-09-15T10:32:56","guid":{"rendered":"https:\/\/www.sailsofchange.com\/?p=6737"},"modified":"2025-10-13T17:40:07","modified_gmt":"2025-10-13T15:40:07","slug":"sails-of-change-8-remporte-le-grand-prix-de-mailly-sails-of-change-10-prend-la-troisieme-place-au-general","status":"publish","type":"post","link":"https:\/\/www.sailsofchange.com\/fr\/news\/sails-of-change-8-remporte-le-grand-prix-de-mailly-sails-of-change-10-prend-la-troisieme-place-au-general\/","title":{"rendered":"Sails of Change 8 remporte le Grand Prix de Mailly, Sails of Change 10 prend la troisi\u00e8me place au g\u00e9n\u00e9ral."},"content":{"rendered":"\n<p>Le Grand Prix de Mailly s\u2019est conclu samedi apr\u00e8s deux jours de r\u00e9gates disput\u00e9es. Faute de vent, la journ\u00e9e de samedi n\u2019a pas pu \u00eatre courue. <strong>L\u2019\u00e9curie Sails of Change s\u2019impose <\/strong>avec Sails of Change 8, barr\u00e9 par <strong>Yann Guichard, qui remporte l\u2019\u00e9preuve<\/strong> devant Sails of Change 10 de <strong>Duncan Sp\u00e4th, class\u00e9 deuxi\u00e8me.<\/strong><\/p>\n\n\n\n<p>Avec une r\u00e9gularit\u00e9 exemplaire et une grande ma\u00eetrise lors des deux premi\u00e8res journ\u00e9es, <strong>Sails of Change 8 gagne le Grand Prix de Mailly.<\/strong><\/p>\n\n\n\n<p><em>\u201cOn a eu des conditions magnifiques pour ce Grand Prix de Mailly. C\u2019est un beau weekend pour l\u2019\u00e9curie, on reste en t\u00eate du g\u00e9n\u00e9ral et Duncan et son \u00e9quipe sont d\u00e9sormais deuxi\u00e8me. Que du positif, les deux bateaux ont une belle vitesse, on a \u00e9t\u00e9 dans le rythme et on a pris de bons d\u00e9parts. Nous sommes ravis de consolider notre place\u201d<\/em> conclut Yann Guichard.<\/p>\n\n\n\n<figure class=\"wp-block-image size-large\"><img decoding=\"async\" width=\"768\" height=\"1024\" src=\"https:\/\/www.sailsofchange.com\/uploads\/2025\/09\/WhatsApp-Image-2025-09-13-at-16.16.17-768x1024.jpeg\" alt=\"\" class=\"wp-image-6738\" style=\"aspect-ratio:4\/3;object-fit:cover\" srcset=\"https:\/\/www.sailsofchange.com\/uploads\/2025\/09\/WhatsApp-Image-2025-09-13-at-16.16.17-768x1024.jpeg 768w, https:\/\/www.sailsofchange.com\/uploads\/2025\/09\/WhatsApp-Image-2025-09-13-at-16.16.17-225x300.jpeg 225w, https:\/\/www.sailsofchange.com\/uploads\/2025\/09\/WhatsApp-Image-2025-09-13-at-16.16.17-1152x1536.jpeg 1152w, https:\/\/www.sailsofchange.com\/uploads\/2025\/09\/WhatsApp-Image-2025-09-13-at-16.16.17-1536x2048.jpeg 1536w, https:\/\/www.sailsofchange.com\/uploads\/2025\/09\/WhatsApp-Image-2025-09-13-at-16.16.17.jpeg 2000w\" sizes=\"(max-width: 768px) 100vw, 768px\" \/><\/figure>\n\n\n\n<p>De son c\u00f4t\u00e9, Sails of Change 10 n\u2019a pas d\u00e9m\u00e9rit\u00e9. Gr\u00e2ce \u00e0 trois victoires de manche, l\u2019\u00e9quipage de Duncan Sp\u00e4th monte sur la deuxi\u00e8me marche du podium du Grand Prix et se hisse \u00e0 la troisi\u00e8me place du classement g\u00e9n\u00e9ral.<\/p>\n\n\n\n<p><em>\u201cSuper weekend de reprise avec deux belles journ\u00e9es de r\u00e9gates et un c\u00f4tier dimanche. Il reste deux Grands Prix et avec l\u2019\u00e9volution que l\u2019on a eu ce weekend, \u00e7a donne vraiment envie d\u2019aller gratter ces points, c\u2019est une belle motivation. On va tenter de rester humble dans cette \u00e9volution et faire en sorte de capitaliser pour les deux prochains Grands Prix.\u201d<\/em><\/p>\n\n\n\n<p>La comp\u00e9tition s\u2019est achev\u00e9e sur une note conviviale avec <strong>un c\u00f4tier amical hors classement.<\/strong> Les \u00e9quipages se sont \u00e9lanc\u00e9s sur un parcours reliant Genthod \u2013 Soci\u00e9t\u00e9 Nautique de Gen\u00e8ve \u2013 Villa Choisi \u2013 Genthod. Une fois encore, Sails of Change 8 s\u2019est impos\u00e9 dans des conditions sportives.<\/p>\n\n\n\n<p>Un grand merci \u00e0 Julien Firmenich, sa famille et son \u00e9quipe Ylliam 17 pour l\u2019accueil chaleureux lors de ce Grand Prix.<\/p>\n\n\n\n<p>Prochain rendez-vous : <strong>le Grand Prix de Crans, du 26 au 28 septembre.<\/strong><\/p>\n\n\n\n<p><\/p>\n","protected":false},"excerpt":{"rendered":"<p>Le Grand Prix de Mailly s\u2019est conclu samedi apr\u00e8s deux jours de r\u00e9gates disput\u00e9es. Faute de vent, la journ\u00e9e de [&hellip;]<\/p>\n","protected":false},"author":8,"featured_media":6743,"comment_status":"closed","ping_status":"closed","sticky":false,"template":"","format":"standard","meta":{"_acf_changed":false,"footnotes":""},"categories":[42,19],"tags":[50,49,69,43,73],"class_list":["post-6737","post","type-post","status-publish","format-standard","has-post-thumbnail","hentry","category-tf35","category-voile-2","tag-catamaran","tag-foiling","tag-lac-leman","tag-tf35","tag-tf35-trophy"],"acf":[],"_links":{"self":[{"href":"https:\/\/www.sailsofchange.com\/fr\/wp-json\/wp\/v2\/posts\/6737","targetHints":{"allow":["GET"]}}],"collection":[{"href":"https:\/\/www.sailsofchange.com\/fr\/wp-json\/wp\/v2\/posts"}],"about":[{"href":"https:\/\/www.sailsofchange.com\/fr\/wp-json\/wp\/v2\/types\/post"}],"author":[{"embeddable":true,"href":"https:\/\/www.sailsofchange.com\/fr\/wp-json\/wp\/v2\/users\/8"}],"replies":[{"embeddable":true,"href":"https:\/\/www.sailsofchange.com\/fr\/wp-json\/wp\/v2\/comments?post=6737"}],"version-history":[{"count":2,"href":"https:\/\/www.sailsofchange.com\/fr\/wp-json\/wp\/v2\/posts\/6737\/revisions"}],"predecessor-version":[{"id":6768,"href":"https:\/\/www.sailsofchange.com\/fr\/wp-json\/wp\/v2\/posts\/6737\/revisions\/6768"}],"wp:featuredmedia":[{"embeddable":true,"href":"https:\/\/www.sailsofchange.com\/fr\/wp-json\/wp\/v2\/media\/6743"}],"wp:attachment":[{"href":"https:\/\/www.sailsofchange.com\/fr\/wp-json\/wp\/v2\/media?parent=6737"}],"wp:term":[{"taxonomy":"category","embeddable":true,"href":"https:\/\/www.sailsofchange.com\/fr\/wp-json\/wp\/v2\/categories?post=6737"},{"taxonomy":"post_tag","embeddable":true,"href":"https:\/\/www.sailsofchange.com\/fr\/wp-json\/wp\/v2\/tags?post=6737"}],"curies":[{"name":"wp","href":"https:\/\/api.w.org\/{rel}","templated":true}]}}